{"id":4845,"date":"2018-05-15T10:00:11","date_gmt":"2018-05-15T08:00:11","guid":{"rendered":"http:\/\/nynomic.info\/m-u-t-ag-umbenennung-in-nynomic-ag\/"},"modified":"2019-03-07T11:35:33","modified_gmt":"2019-03-07T10:35:33","slug":"m-u-t-ag-umbenennung-in-nynomic-ag","status":"publish","type":"post","link":"https:\/\/www.nynomic.com\/en\/m-u-t-ag-umbenennung-in-nynomic-ag\/","title":{"rendered":"m-u-t AG: Umbenennung in Nynomic AG"},"content":{"rendered":"<div id=\"newsdetail\">\n<h2>m-u-t AG: Umbenennung in Nynomic AG<\/h2>\n<table class=\"news_layout style2015\" border=\"0\" cellspacing=\"0\" cellpadding=\"0\">\n<tbody>\n<tr>\n<td>\n<p class=\"news_top\">m-u-t AG \/ Schlagwort(e): Strategische Unternehmensentscheidung<br \/>\nm-u-t AG: Umbenennung in Nynomic AG<\/p>\n<p><span class=\"news_top_date\">15.05.2018 \/ 10:00 CET\/CEST<\/span><br \/>\nVer\u00f6ffentlichung einer Insiderinformationen nach Artikel 17 der Verordnung (EU) Nr. 596\/2014, \u00fcbermittelt durch DGAP &#8211; ein Service der EQS Group AG.<br \/>\nF\u00fcr den Inhalt der Mitteilung ist der Emittent verantwortlich.<\/p>\n<hr \/>\n<div class=\"break-word news_main\"><strong>m-u-t AG: <\/strong><strong>Umbenennung<\/strong><strong> in N<\/strong><strong>ynomic<\/strong><strong> AG <\/strong><br \/>\n\u00a0<br \/>\nWedel (Holst.), den 15.05.2018<br \/>\n\u00a0<br \/>\nVorstand und Aufsichtsrat der m-u-t AG werden der am 29.06.2018 in Wedel stattfindenden ordentlichen Hauptversammlung vorschlagen, den Namen der Gesellschaft in Nynomic AG zu \u00e4ndern.<br \/>\n\u00a0<br \/>\nDie 1996 gegr\u00fcndete m-u-t AG hat ihren Firmennamen urspr\u00fcnglich aus der Beschreibung des Gesch\u00e4ftsmodells mit &#8220;market driven understanding of technology&#8221; abgeleitet und sp\u00e4ter mit der Umschreibung &#8220;Me\u00dfger\u00e4te f\u00fcr Medizin- und Umwelttechnik&#8221; akzentuiert.<br \/>\n\u00a0<br \/>\nNach dem B\u00f6rsenlisting im Jahre 2007 kamen durch Beteiligungen bzw. \u00dcbernahmen der tec5, Avantes, APOS, LayTec sowie in j\u00fcngster Vergangenheit der Spectral Engines Tochtergesellschaften hinzu, die ihre Produkte jeweils unter eigenem Markennamen vertreiben.<br \/>\nZudem wurde im Zuge der Optimierung der Unternehmensstruktur in 2014 das operative Gesch\u00e4ft der m-u-t AG in die m-u-t GmbH ausgelagert. Seitdem fungiert die m-u-t AG als reine strategische Finanzholding der Tochtergesellschaften ohne direktes operatives Gesch\u00e4ft.<br \/>\nDie Auslagerung des operativen Gesch\u00e4ftes unter Beibehaltung des Markennamens m-u-t in die namensgleiche m-u-t GmbH f\u00fchrt bei Kunden, Lieferanten, Partnern und am Kapitalmarkt regelm\u00e4\u00dfig zu Verwechslungen und Missverst\u00e4ndnissen.<br \/>\n\u00a0<br \/>\nDie zunehmende Internationalisierung der m-u-t Gruppe, verst\u00e4rkt durch die j\u00fcngst gemeldete Mehrheits\u00fcbernahme der Spectral Engines Oy, Helsinki\/Finnland, ist ein weiterer wesentlicher Grund f\u00fcr die Umbenennung der Gesellschaft.<br \/>\nDurch die Akquisition von Spectral Engines steht der Gesellschaft aufgrund der technologisch herausragenden Position dieses Unternehmens erstmals die M\u00f6glichkeit offen, sich neben der bisherigen Fokussierung auf den B2B Markt insbesondere Consumer-Anwendungen zu erschlie\u00dfen. Technologische Megatrends wie Artificial Intelligence \/ Machine Learning und vor allem auch die fortschreitende Digitalisierung in disruptiven Branchen bieten der Gesellschaft heute die Chance, bei fr\u00fchem Einstieg an weltweit stark wachsenden und neuen Zukunftsm\u00e4rkten zu partizipieren.<br \/>\n\u00a0<br \/>\nVorstand und Aufsichtsrat sind davon \u00fcberzeugt, dass Nynomic als klarer, dynamischer und moderner Name in Kombination mit dem neuen Firmenlogo und Slogan &#8220;The Photonics Group&#8221; die strategische Ausrichtung der Dachgesellschaft auf innovative und wachstumsstarke Themen repr\u00e4sentieren und der weiteren Internationalisierung Rechnung tragen wird. Sowohl im operativen Gesch\u00e4ft als auch am Kapitalmarkt soll der neue Unternehmensname Nynomic den Weg zu internationalen Kunden, Kooperationspartnern und Investoren flankieren und auch nach au\u00dfen den strategischen Schritt in eine m\u00f6glicherweise ganz neue Gr\u00f6\u00dfenordnung des Gesch\u00e4ftsmodells signalisieren.<br \/>\n\u00a0<br \/>\nEine komplett neue Corporate Identity f\u00fcr die Wort-\/Bildmarke Nynomic wurde bereits entwickelt sowie international juristisch gesch\u00fctzt. Nach einem positiven Votum der Hauptversammlung werden kurzfristig alle notwendigen Ma\u00dfnahmen umgesetzt, um den kommunikativen Auftritt der neuen Dachmarke sowohl im operativen Gesch\u00e4ft als auch am Kapitalmarkt zu etablieren.<br \/>\n\u00a0<br \/>\n\u00a0<br \/>\nm-u-t AG<br \/>\nAm Marienhof 2<br \/>\nD &#8211; 22880 Wedel<br \/>\nwww.mut.ag<br \/>\n\u00a0<br \/>\nR\u00fcckfragen an:<br \/>\nJochen Fischer<br \/>\nFISCHER RELATIONS<br \/>\nNeuer Wall 50<br \/>\nD &#8211; 20354 Hamburg<br \/>\nphone: + 49(0)40 822 186 380<br \/>\nfax:\u00a0\u00a0\u00a0\u00a0\u00a0 + 49(0)40 822 186 450<br \/>\ninfo@fischer-relations.de<\/div>\n<hr \/>\n<p class=\"news_bottom\">15.05.2018 CET\/CEST Die DGAP Distributionsservices umfassen gesetzliche Meldepflichten, Corporate News\/Finanznachrichten und Pressemitteilungen. <br \/>\nMedienarchiv unter http:\/\/www.dgap.de<\/p>\n<hr \/>\n<p>&lt;\/td &gt;&lt;\/tr &gt;&lt;\/table &gt;<\/p>\n<table class=\"news_footer_layout\" cellspacing=\"0\" cellpadding=\"0\">\n<tbody>\n<tr>\n<td class=\"first_column column_1\" nowrap=\"nowrap\">Sprache:<\/td>\n<td class=\"column_2\">Deutsch<\/td>\n<\/tr>\n<tr>\n<td class=\"column_1\" nowrap=\"nowrap\">Unternehmen:<\/td>\n<td class=\"column_2\">m-u-t AG<\/td>\n<\/tr>\n<tr>\n<td class=\"column_1\">\u00a0<\/td>\n<td class=\"column_2\">Am Marienhof 2<\/td>\n<\/tr>\n<tr>\n<td class=\"column_1\">\u00a0<\/td>\n<td class=\"column_2\">22880 Wedel<\/td>\n<\/tr>\n<tr>\n<td class=\"column_1\">\u00a0<\/td>\n<td class=\"column_2\">Deutschland<\/td>\n<\/tr>\n<tr>\n<td class=\"column_1\" nowrap=\"nowrap\">Telefon:<\/td>\n<td class=\"column_2\">+49 (0)4103 9308-0<\/td>\n<\/tr>\n<tr>\n<td class=\"column_1\" nowrap=\"nowrap\">Fax:<\/td>\n<td class=\"column_2\">+49 (0)4103 9308-99<\/td>\n<\/tr>\n<tr>\n<td class=\"column_1\" nowrap=\"nowrap\">E-Mail:<\/td>\n<td class=\"column_2\">info@mut-group.com<\/td>\n<\/tr>\n<tr>\n<td class=\"column_1\" nowrap=\"nowrap\">Internet:<\/td>\n<td class=\"column_2\">www.mut-group.com<\/td>\n<\/tr>\n<tr>\n<td class=\"column_1\" nowrap=\"nowrap\">ISIN:<\/td>\n<td class=\"column_2\">DE000A0MSN11<\/td>\n<\/tr>\n<tr>\n<td class=\"column_1\" nowrap=\"nowrap\">WKN:<\/td>\n<td class=\"column_2\">A0MSN1<\/td>\n<\/tr>\n<tr>\n<td class=\"column_1\" nowrap=\"nowrap\">Indizes:<\/td>\n<td class=\"column_2\">Scale 30<\/td>\n<\/tr>\n<tr>\n<td class=\"column_1\">B\u00f6rsen:<\/td>\n<td class=\"column_2\">Freiverkehr in Berlin, D\u00fcsseldorf, Frankfurt (Scale), Stuttgart, Tradegate Exchange<\/td>\n<\/tr>\n<\/tbody>\n<\/table>\n<p><\/p>\n<table class=\"news_footer_layout\" border=\"0\" cellspacing=\"0\" cellpadding=\"0\">\n<tbody>\n<tr>\n<td colspan=\"2\">\u00a0<\/td>\n<\/tr>\n<\/tbody>\n<\/table>\n<table class=\"news_layout news_layout_footer_end\" border=\"0\" cellspacing=\"0\" cellpadding=\"0\">\n<tbody>\n<tr>\n<td colspan=\"2\">\u00a0<\/td>\n<\/tr>\n<tr>\n<td class=\"column_1\">Ende der Mitteilung<\/td>\n<td class=\"column_2\">DGAP News-Service<\/td>\n<\/tr>\n<\/tbody>\n<\/table>\n<div class=\"\">\n<p class=\"\">\u00a0<\/p>\n<\/div>\n<p><img loading=\"lazy\" decoding=\"async\" src=\"https:\/\/link.cockpit.eqs.com\/cgi-bin\/fncls.ssp?fn=show_t_gif&amp;application_id=685859&amp;application_name=news&amp;site_id=news_data\" alt=\"show this\" width=\"0\" height=\"0\" border=\"0\" \/><\/td>\n<\/tr>\n<\/tbody>\n<\/table>\n<\/div>\n","protected":false},"excerpt":{"rendered":"<p>m-u-t AG: Umbenennung in Nynomic AG m-u-t AG \/ Schlagwort(e): Strategische Unternehmensentscheidung m-u-t AG: Umbenennung in Nynomic AG 15.05.2018 \/ 10:00 CET\/CEST Ver\u00f6ffentlichung einer Insiderinformationen nach Artikel 17 der Verordnung (EU) Nr. 596\/2014, \u00fcbermittelt durch DGAP &#8211; ein Service der EQS Group AG. F\u00fcr den Inhalt der Mitteilung ist der Emittent verantwortlich. m-u-t AG: Umbenennung [&hellip;]<\/p>\n","protected":false},"author":6,"featured_media":0,"comment_status":"open","ping_status":"open","sticky":false,"template":"","format":"standard","meta":{"_acf_changed":false,"footnotes":""},"categories":[26],"tags":[],"class_list":["post-4845","post","type-post","status-publish","format-standard","hentry","category-dgap-ad-hoc-en"],"acf":[],"yoast_head":"<!-- This site is optimized with the Yoast SEO plugin v27.4 - https:\/\/yoast.com\/product\/yoast-seo-wordpress\/ -->\n<title>m-u-t AG: Umbenennung in Nynomic AG - Nynomic<\/title>\n<meta name=\"robots\" content=\"index, follow, max-snippet:-1, max-image-preview:large, max-video-preview:-1\" \/>\n<link rel=\"canonical\" href=\"https:\/\/www.nynomic.com\/en\/m-u-t-ag-umbenennung-in-nynomic-ag\/\" \/>\n<meta property=\"og:locale\" content=\"en_US\" \/>\n<meta property=\"og:type\" content=\"article\" \/>\n<meta property=\"og:title\" content=\"m-u-t AG: Umbenennung in Nynomic AG - Nynomic\" \/>\n<meta property=\"og:description\" content=\"m-u-t AG: Umbenennung in Nynomic AG m-u-t AG \/ Schlagwort(e): Strategische Unternehmensentscheidung m-u-t AG: Umbenennung in Nynomic AG 15.05.2018 \/ 10:00 CET\/CEST Ver\u00f6ffentlichung einer Insiderinformationen nach Artikel 17 der Verordnung (EU) Nr. 596\/2014, \u00fcbermittelt durch DGAP &#8211; ein Service der EQS Group AG. F\u00fcr den Inhalt der Mitteilung ist der Emittent verantwortlich. m-u-t AG: Umbenennung [&hellip;]\" \/>\n<meta property=\"og:url\" content=\"https:\/\/www.nynomic.com\/en\/m-u-t-ag-umbenennung-in-nynomic-ag\/\" \/>\n<meta property=\"og:site_name\" content=\"Nynomic\" \/>\n<meta property=\"article:published_time\" content=\"2018-05-15T08:00:11+00:00\" \/>\n<meta property=\"article:modified_time\" content=\"2019-03-07T10:35:33+00:00\" \/>\n<meta property=\"og:image\" content=\"https:\/\/link.cockpit.eqs.com\/cgi-bin\/fncls.ssp?fn=show_t_gif&amp;application_id=685859&amp;application_name=news&amp;site_id=news_data\" \/>\n<meta name=\"author\" content=\"ToFischer\" \/>\n<meta name=\"twitter:card\" content=\"summary_large_image\" \/>\n<meta name=\"twitter:label1\" content=\"Written by\" \/>\n\t<meta name=\"twitter:data1\" content=\"ToFischer\" \/>\n\t<meta name=\"twitter:label2\" content=\"Est. reading time\" \/>\n\t<meta name=\"twitter:data2\" content=\"3 minutes\" \/>\n<script type=\"application\/ld+json\" class=\"yoast-schema-graph\">{\"@context\":\"https:\\\/\\\/schema.org\",\"@graph\":[{\"@type\":\"Article\",\"@id\":\"https:\\\/\\\/www.nynomic.com\\\/en\\\/m-u-t-ag-umbenennung-in-nynomic-ag\\\/#article\",\"isPartOf\":{\"@id\":\"https:\\\/\\\/www.nynomic.com\\\/en\\\/m-u-t-ag-umbenennung-in-nynomic-ag\\\/\"},\"author\":{\"name\":\"ToFischer\",\"@id\":\"https:\\\/\\\/www.nynomic.com\\\/#\\\/schema\\\/person\\\/4408e40f6f2a66d0fe4ab3054a2bae51\"},\"headline\":\"m-u-t AG: Umbenennung in Nynomic AG\",\"datePublished\":\"2018-05-15T08:00:11+00:00\",\"dateModified\":\"2019-03-07T10:35:33+00:00\",\"mainEntityOfPage\":{\"@id\":\"https:\\\/\\\/www.nynomic.com\\\/en\\\/m-u-t-ag-umbenennung-in-nynomic-ag\\\/\"},\"wordCount\":575,\"commentCount\":0,\"image\":{\"@id\":\"https:\\\/\\\/www.nynomic.com\\\/en\\\/m-u-t-ag-umbenennung-in-nynomic-ag\\\/#primaryimage\"},\"thumbnailUrl\":\"https:\\\/\\\/link.cockpit.eqs.com\\\/cgi-bin\\\/fncls.ssp?fn=show_t_gif&amp;application_id=685859&amp;application_name=news&amp;site_id=news_data\",\"articleSection\":[\"DGAP-Ad-hoc EN\"],\"inLanguage\":\"en-US\",\"potentialAction\":[{\"@type\":\"CommentAction\",\"name\":\"Comment\",\"target\":[\"https:\\\/\\\/www.nynomic.com\\\/en\\\/m-u-t-ag-umbenennung-in-nynomic-ag\\\/#respond\"]}]},{\"@type\":\"WebPage\",\"@id\":\"https:\\\/\\\/www.nynomic.com\\\/en\\\/m-u-t-ag-umbenennung-in-nynomic-ag\\\/\",\"url\":\"https:\\\/\\\/www.nynomic.com\\\/en\\\/m-u-t-ag-umbenennung-in-nynomic-ag\\\/\",\"name\":\"m-u-t AG: Umbenennung in Nynomic AG - Nynomic\",\"isPartOf\":{\"@id\":\"https:\\\/\\\/www.nynomic.com\\\/#website\"},\"primaryImageOfPage\":{\"@id\":\"https:\\\/\\\/www.nynomic.com\\\/en\\\/m-u-t-ag-umbenennung-in-nynomic-ag\\\/#primaryimage\"},\"image\":{\"@id\":\"https:\\\/\\\/www.nynomic.com\\\/en\\\/m-u-t-ag-umbenennung-in-nynomic-ag\\\/#primaryimage\"},\"thumbnailUrl\":\"https:\\\/\\\/link.cockpit.eqs.com\\\/cgi-bin\\\/fncls.ssp?fn=show_t_gif&amp;application_id=685859&amp;application_name=news&amp;site_id=news_data\",\"datePublished\":\"2018-05-15T08:00:11+00:00\",\"dateModified\":\"2019-03-07T10:35:33+00:00\",\"author\":{\"@id\":\"https:\\\/\\\/www.nynomic.com\\\/#\\\/schema\\\/person\\\/4408e40f6f2a66d0fe4ab3054a2bae51\"},\"breadcrumb\":{\"@id\":\"https:\\\/\\\/www.nynomic.com\\\/en\\\/m-u-t-ag-umbenennung-in-nynomic-ag\\\/#breadcrumb\"},\"inLanguage\":\"en-US\",\"potentialAction\":[{\"@type\":\"ReadAction\",\"target\":[\"https:\\\/\\\/www.nynomic.com\\\/en\\\/m-u-t-ag-umbenennung-in-nynomic-ag\\\/\"]}]},{\"@type\":\"ImageObject\",\"inLanguage\":\"en-US\",\"@id\":\"https:\\\/\\\/www.nynomic.com\\\/en\\\/m-u-t-ag-umbenennung-in-nynomic-ag\\\/#primaryimage\",\"url\":\"https:\\\/\\\/link.cockpit.eqs.com\\\/cgi-bin\\\/fncls.ssp?fn=show_t_gif&amp;application_id=685859&amp;application_name=news&amp;site_id=news_data\",\"contentUrl\":\"https:\\\/\\\/link.cockpit.eqs.com\\\/cgi-bin\\\/fncls.ssp?fn=show_t_gif&amp;application_id=685859&amp;application_name=news&amp;site_id=news_data\"},{\"@type\":\"BreadcrumbList\",\"@id\":\"https:\\\/\\\/www.nynomic.com\\\/en\\\/m-u-t-ag-umbenennung-in-nynomic-ag\\\/#breadcrumb\",\"itemListElement\":[{\"@type\":\"ListItem\",\"position\":1,\"name\":\"Startseite\",\"item\":\"https:\\\/\\\/www.nynomic.com\\\/en\\\/\"},{\"@type\":\"ListItem\",\"position\":2,\"name\":\"m-u-t AG: Umbenennung in Nynomic AG\"}]},{\"@type\":\"WebSite\",\"@id\":\"https:\\\/\\\/www.nynomic.com\\\/#website\",\"url\":\"https:\\\/\\\/www.nynomic.com\\\/\",\"name\":\"Nynomic\",\"description\":\"Webseite der Nynomic\",\"potentialAction\":[{\"@type\":\"SearchAction\",\"target\":{\"@type\":\"EntryPoint\",\"urlTemplate\":\"https:\\\/\\\/www.nynomic.com\\\/?s={search_term_string}\"},\"query-input\":{\"@type\":\"PropertyValueSpecification\",\"valueRequired\":true,\"valueName\":\"search_term_string\"}}],\"inLanguage\":\"en-US\"},{\"@type\":\"Person\",\"@id\":\"https:\\\/\\\/www.nynomic.com\\\/#\\\/schema\\\/person\\\/4408e40f6f2a66d0fe4ab3054a2bae51\",\"name\":\"ToFischer\",\"image\":{\"@type\":\"ImageObject\",\"inLanguage\":\"en-US\",\"@id\":\"https:\\\/\\\/secure.gravatar.com\\\/avatar\\\/f71cfd5384a449927543649b4f6698194c2ad5e623d1eb3bbceb4cfc5c8db477?s=96&d=mm&r=g\",\"url\":\"https:\\\/\\\/secure.gravatar.com\\\/avatar\\\/f71cfd5384a449927543649b4f6698194c2ad5e623d1eb3bbceb4cfc5c8db477?s=96&d=mm&r=g\",\"contentUrl\":\"https:\\\/\\\/secure.gravatar.com\\\/avatar\\\/f71cfd5384a449927543649b4f6698194c2ad5e623d1eb3bbceb4cfc5c8db477?s=96&d=mm&r=g\",\"caption\":\"ToFischer\"}}]}<\/script>\n<!-- \/ Yoast SEO plugin. -->","yoast_head_json":{"title":"m-u-t AG: Umbenennung in Nynomic AG - Nynomic","robots":{"index":"index","follow":"follow","max-snippet":"max-snippet:-1","max-image-preview":"max-image-preview:large","max-video-preview":"max-video-preview:-1"},"canonical":"https:\/\/www.nynomic.com\/en\/m-u-t-ag-umbenennung-in-nynomic-ag\/","og_locale":"en_US","og_type":"article","og_title":"m-u-t AG: Umbenennung in Nynomic AG - Nynomic","og_description":"m-u-t AG: Umbenennung in Nynomic AG m-u-t AG \/ Schlagwort(e): Strategische Unternehmensentscheidung m-u-t AG: Umbenennung in Nynomic AG 15.05.2018 \/ 10:00 CET\/CEST Ver\u00f6ffentlichung einer Insiderinformationen nach Artikel 17 der Verordnung (EU) Nr. 596\/2014, \u00fcbermittelt durch DGAP &#8211; ein Service der EQS Group AG. F\u00fcr den Inhalt der Mitteilung ist der Emittent verantwortlich. m-u-t AG: Umbenennung [&hellip;]","og_url":"https:\/\/www.nynomic.com\/en\/m-u-t-ag-umbenennung-in-nynomic-ag\/","og_site_name":"Nynomic","article_published_time":"2018-05-15T08:00:11+00:00","article_modified_time":"2019-03-07T10:35:33+00:00","og_image":[{"url":"https:\/\/link.cockpit.eqs.com\/cgi-bin\/fncls.ssp?fn=show_t_gif&amp;application_id=685859&amp;application_name=news&amp;site_id=news_data","type":"","width":"","height":""}],"author":"ToFischer","twitter_card":"summary_large_image","twitter_misc":{"Written by":"ToFischer","Est. reading time":"3 minutes"},"schema":{"@context":"https:\/\/schema.org","@graph":[{"@type":"Article","@id":"https:\/\/www.nynomic.com\/en\/m-u-t-ag-umbenennung-in-nynomic-ag\/#article","isPartOf":{"@id":"https:\/\/www.nynomic.com\/en\/m-u-t-ag-umbenennung-in-nynomic-ag\/"},"author":{"name":"ToFischer","@id":"https:\/\/www.nynomic.com\/#\/schema\/person\/4408e40f6f2a66d0fe4ab3054a2bae51"},"headline":"m-u-t AG: Umbenennung in Nynomic AG","datePublished":"2018-05-15T08:00:11+00:00","dateModified":"2019-03-07T10:35:33+00:00","mainEntityOfPage":{"@id":"https:\/\/www.nynomic.com\/en\/m-u-t-ag-umbenennung-in-nynomic-ag\/"},"wordCount":575,"commentCount":0,"image":{"@id":"https:\/\/www.nynomic.com\/en\/m-u-t-ag-umbenennung-in-nynomic-ag\/#primaryimage"},"thumbnailUrl":"https:\/\/link.cockpit.eqs.com\/cgi-bin\/fncls.ssp?fn=show_t_gif&amp;application_id=685859&amp;application_name=news&amp;site_id=news_data","articleSection":["DGAP-Ad-hoc EN"],"inLanguage":"en-US","potentialAction":[{"@type":"CommentAction","name":"Comment","target":["https:\/\/www.nynomic.com\/en\/m-u-t-ag-umbenennung-in-nynomic-ag\/#respond"]}]},{"@type":"WebPage","@id":"https:\/\/www.nynomic.com\/en\/m-u-t-ag-umbenennung-in-nynomic-ag\/","url":"https:\/\/www.nynomic.com\/en\/m-u-t-ag-umbenennung-in-nynomic-ag\/","name":"m-u-t AG: Umbenennung in Nynomic AG - Nynomic","isPartOf":{"@id":"https:\/\/www.nynomic.com\/#website"},"primaryImageOfPage":{"@id":"https:\/\/www.nynomic.com\/en\/m-u-t-ag-umbenennung-in-nynomic-ag\/#primaryimage"},"image":{"@id":"https:\/\/www.nynomic.com\/en\/m-u-t-ag-umbenennung-in-nynomic-ag\/#primaryimage"},"thumbnailUrl":"https:\/\/link.cockpit.eqs.com\/cgi-bin\/fncls.ssp?fn=show_t_gif&amp;application_id=685859&amp;application_name=news&amp;site_id=news_data","datePublished":"2018-05-15T08:00:11+00:00","dateModified":"2019-03-07T10:35:33+00:00","author":{"@id":"https:\/\/www.nynomic.com\/#\/schema\/person\/4408e40f6f2a66d0fe4ab3054a2bae51"},"breadcrumb":{"@id":"https:\/\/www.nynomic.com\/en\/m-u-t-ag-umbenennung-in-nynomic-ag\/#breadcrumb"},"inLanguage":"en-US","potentialAction":[{"@type":"ReadAction","target":["https:\/\/www.nynomic.com\/en\/m-u-t-ag-umbenennung-in-nynomic-ag\/"]}]},{"@type":"ImageObject","inLanguage":"en-US","@id":"https:\/\/www.nynomic.com\/en\/m-u-t-ag-umbenennung-in-nynomic-ag\/#primaryimage","url":"https:\/\/link.cockpit.eqs.com\/cgi-bin\/fncls.ssp?fn=show_t_gif&amp;application_id=685859&amp;application_name=news&amp;site_id=news_data","contentUrl":"https:\/\/link.cockpit.eqs.com\/cgi-bin\/fncls.ssp?fn=show_t_gif&amp;application_id=685859&amp;application_name=news&amp;site_id=news_data"},{"@type":"BreadcrumbList","@id":"https:\/\/www.nynomic.com\/en\/m-u-t-ag-umbenennung-in-nynomic-ag\/#breadcrumb","itemListElement":[{"@type":"ListItem","position":1,"name":"Startseite","item":"https:\/\/www.nynomic.com\/en\/"},{"@type":"ListItem","position":2,"name":"m-u-t AG: Umbenennung in Nynomic AG"}]},{"@type":"WebSite","@id":"https:\/\/www.nynomic.com\/#website","url":"https:\/\/www.nynomic.com\/","name":"Nynomic","description":"Webseite der Nynomic","potentialAction":[{"@type":"SearchAction","target":{"@type":"EntryPoint","urlTemplate":"https:\/\/www.nynomic.com\/?s={search_term_string}"},"query-input":{"@type":"PropertyValueSpecification","valueRequired":true,"valueName":"search_term_string"}}],"inLanguage":"en-US"},{"@type":"Person","@id":"https:\/\/www.nynomic.com\/#\/schema\/person\/4408e40f6f2a66d0fe4ab3054a2bae51","name":"ToFischer","image":{"@type":"ImageObject","inLanguage":"en-US","@id":"https:\/\/secure.gravatar.com\/avatar\/f71cfd5384a449927543649b4f6698194c2ad5e623d1eb3bbceb4cfc5c8db477?s=96&d=mm&r=g","url":"https:\/\/secure.gravatar.com\/avatar\/f71cfd5384a449927543649b4f6698194c2ad5e623d1eb3bbceb4cfc5c8db477?s=96&d=mm&r=g","contentUrl":"https:\/\/secure.gravatar.com\/avatar\/f71cfd5384a449927543649b4f6698194c2ad5e623d1eb3bbceb4cfc5c8db477?s=96&d=mm&r=g","caption":"ToFischer"}}]}},"_links":{"self":[{"href":"https:\/\/www.nynomic.com\/en\/wp-json\/wp\/v2\/posts\/4845","targetHints":{"allow":["GET"]}}],"collection":[{"href":"https:\/\/www.nynomic.com\/en\/wp-json\/wp\/v2\/posts"}],"about":[{"href":"https:\/\/www.nynomic.com\/en\/wp-json\/wp\/v2\/types\/post"}],"author":[{"embeddable":true,"href":"https:\/\/www.nynomic.com\/en\/wp-json\/wp\/v2\/users\/6"}],"replies":[{"embeddable":true,"href":"https:\/\/www.nynomic.com\/en\/wp-json\/wp\/v2\/comments?post=4845"}],"version-history":[{"count":1,"href":"https:\/\/www.nynomic.com\/en\/wp-json\/wp\/v2\/posts\/4845\/revisions"}],"predecessor-version":[{"id":5467,"href":"https:\/\/www.nynomic.com\/en\/wp-json\/wp\/v2\/posts\/4845\/revisions\/5467"}],"wp:attachment":[{"href":"https:\/\/www.nynomic.com\/en\/wp-json\/wp\/v2\/media?parent=4845"}],"wp:term":[{"taxonomy":"category","embeddable":true,"href":"https:\/\/www.nynomic.com\/en\/wp-json\/wp\/v2\/categories?post=4845"},{"taxonomy":"post_tag","embeddable":true,"href":"https:\/\/www.nynomic.com\/en\/wp-json\/wp\/v2\/tags?post=4845"}],"curies":[{"name":"wp","href":"https:\/\/api.w.org\/{rel}","templated":true}]}}